{"id":848,"date":"2025-10-27T18:37:51","date_gmt":"2025-10-27T17:37:51","guid":{"rendered":"https:\/\/lagaleriedulivre.be\/?p=848"},"modified":"2026-04-07T10:18:26","modified_gmt":"2026-04-07T08:18:26","slug":"expo-jacques-donjean-08-23-11-25","status":"publish","type":"post","link":"https:\/\/lagaleriedulivre.be\/?p=848","title":{"rendered":"Expo Jacques Donjean : Souvenirs ardents (08-23\/11\/25)"},"content":{"rendered":"\n<p><strong>Souvenirs ardents<\/strong><br>Expo photo de Jacques Donjean<br>du 08 au 23 novembre <br>(les week-ends de 16 \u00e0 19h)<br>Entr\u00e9e libre<\/p>\n\n\n\n<p>\u00c0 travers un livre et une exposition intitul\u00e9s <strong><em>Souvenirs ardents<\/em><\/strong>, Jacques Donjean, photographe, r\u00e9alisateur, professeur et auteur \u00e0 ses heures, nous invite \u00e0 partager ses p\u00e9r\u00e9grinations, ruminations et \u00e9blouissements dans la Cit\u00e9 ardente. Li\u00e8ge, ses gens, ses artistes, une ville r\u00e9invent\u00e9e, capt\u00e9e dans tous ses \u00e9tats, tous ses \u00e9clats nocturnes, m\u00e9lancolies diurnes, ses ravages festifs et beaut\u00e9s insoup\u00e7onn\u00e9es&#8230;<\/p>\n\n\n\n<p>En outre, \u00e0 l&rsquo;occasion de la r\u00e9cente sortie de <strong><em>Mon corps fendu<\/em><\/strong> de Brigitte Kaquet, par une exposition d\u2019\u0153uvres issues du Cirque divers et pr\u00eat\u00e9es par la Province de Li\u00e8ge, nous rendons hommage \u00e0 ce haut lieu de la contre-culture li\u00e9geoise. Le r\u00e9cit romanc\u00e9 de Brigitte Kaquet, pr\u00e9s\u00e9lectionn\u00e9 par le prix Rossel, nous offre un tableau \u00e0 la hauteur des enjeux infiniment humains que rencontre cette aventure artistique totalement atypique. Des extraits de ce livre seront lus par Anne Defonvent et Claire Blach.<\/p>\n\n\n\n<p>\u00c9v\u00e9nement associ\u00e9 :<\/p>\n\n\n\n<p><strong>Lire \u00e0 table<\/strong>  <br>Le 8 novembre \u00e0 19h<br>menu 3 services ponctu\u00e9 de lectures d&rsquo;extraits de <strong><em>Souvenir ardents<\/em><\/strong> et <strong><em>Mon corps fendu<\/em><\/strong> par Jacques Donjean , Anne Defonvent et Claire Blach.<\/p>\n\n\n\n<p>R\u00e9servation souhait\u00e9e pour le repas (18\u20ac) : 0468 388 006.<br>Entr\u00e9e libre pour les expositions.<\/p>\n\n\n\n<figure class=\"wp-block-image size-full\"><img data-recalc-dims=\"1\" loading=\"lazy\" decoding=\"async\" width=\"830\" height=\"479\" src=\"https:\/\/i0.wp.com\/lagaleriedulivre.be\/wp-content\/uploads\/2025\/10\/lire-a-table-donjean.png?resize=830%2C479\" alt=\"\" class=\"wp-image-849\" srcset=\"https:\/\/i0.wp.com\/lagaleriedulivre.be\/wp-content\/uploads\/2025\/10\/lire-a-table-donjean.png?w=830&amp;ssl=1 830w, https:\/\/i0.wp.com\/lagaleriedulivre.be\/wp-content\/uploads\/2025\/10\/lire-a-table-donjean.png?resize=300%2C173&amp;ssl=1 300w, https:\/\/i0.wp.com\/lagaleriedulivre.be\/wp-content\/uploads\/2025\/10\/lire-a-table-donjean.png?resize=768%2C443&amp;ssl=1 768w\" sizes=\"auto, (max-width: 830px) 100vw, 830px\" \/><\/figure>\n","protected":false},"excerpt":{"rendered":"<p>Souvenirs ardentsExpo photo de Jacques Donjeandu 08 au 23 novembre (les week-ends de 16 \u00e0 19h)Entr\u00e9e libre \u00c0 travers un livre et une exposition intitul\u00e9s &hellip; <\/p>\n","protected":false},"author":1,"featured_media":850,"comment_status":"open","ping_status":"open","sticky":false,"template":"","format":"standard","meta":{"_jetpack_memberships_contains_paid_content":false,"footnotes":""},"categories":[1],"tags":[],"class_list":["post-848","post","type-post","status-publish","format-standard","has-post-thumbnail","hentry","category-non-classe"],"jetpack_featured_media_url":"https:\/\/i0.wp.com\/lagaleriedulivre.be\/wp-content\/uploads\/2025\/10\/donjean.png?fit=950%2C547&ssl=1","jetpack_sharing_enabled":true,"_links":{"self":[{"href":"https:\/\/lagaleriedulivre.be\/index.php?rest_route=\/wp\/v2\/posts\/848","targetHints":{"allow":["GET"]}}],"collection":[{"href":"https:\/\/lagaleriedulivre.be\/index.php?rest_route=\/wp\/v2\/posts"}],"about":[{"href":"https:\/\/lagaleriedulivre.be\/index.php?rest_route=\/wp\/v2\/types\/post"}],"author":[{"embeddable":true,"href":"https:\/\/lagaleriedulivre.be\/index.php?rest_route=\/wp\/v2\/users\/1"}],"replies":[{"embeddable":true,"href":"https:\/\/lagaleriedulivre.be\/index.php?rest_route=%2Fwp%2Fv2%2Fcomments&post=848"}],"version-history":[{"count":2,"href":"https:\/\/lagaleriedulivre.be\/index.php?rest_route=\/wp\/v2\/posts\/848\/revisions"}],"predecessor-version":[{"id":852,"href":"https:\/\/lagaleriedulivre.be\/index.php?rest_route=\/wp\/v2\/posts\/848\/revisions\/852"}],"wp:featuredmedia":[{"embeddable":true,"href":"https:\/\/lagaleriedulivre.be\/index.php?rest_route=\/wp\/v2\/media\/850"}],"wp:attachment":[{"href":"https:\/\/lagaleriedulivre.be\/index.php?rest_route=%2Fwp%2Fv2%2Fmedia&parent=848"}],"wp:term":[{"taxonomy":"category","embeddable":true,"href":"https:\/\/lagaleriedulivre.be\/index.php?rest_route=%2Fwp%2Fv2%2Fcategories&post=848"},{"taxonomy":"post_tag","embeddable":true,"href":"https:\/\/lagaleriedulivre.be\/index.php?rest_route=%2Fwp%2Fv2%2Ftags&post=848"}],"curies":[{"name":"wp","href":"https:\/\/api.w.org\/{rel}","templated":true}]}}