{"id":680,"date":"2024-11-21T20:39:01","date_gmt":"2024-11-21T19:39:01","guid":{"rendered":"http:\/\/lagaleriedulivre.be\/?p=680"},"modified":"2025-06-04T23:58:42","modified_gmt":"2025-06-04T21:58:42","slug":"des-cadeaux-dartiste-06-08-12","status":"publish","type":"post","link":"https:\/\/lagaleriedulivre.be\/?p=680","title":{"rendered":"Des cadeaux d&rsquo;artiste (06-08\/12)"},"content":{"rendered":"\n<p>Si vous cherchez quelque chose d&rsquo;original \u00e0 offrir, ou si vous d\u00e9sirez simplement passer un bon moment en famille, le week-end \u00ab\u00a0Cadeaux d&rsquo;artiste\u00a0\u00bb va vous ravir !<\/p>\n\n\n\n<p>17 artistes confirm\u00e9s vous proposent une expo d&rsquo;\u0153uvres uniques \u00e0 des prix modiques, et notre espace d&rsquo;\u00e9dition valcaprimontoise des livres \u00e0 prix r\u00e9duits.<\/p>\n\n\n\n<p>Le vendredi ouverture de l&rsquo;exposition avec les artistes invit\u00e9s&#8230;<\/p>\n\n\n\n<p>Le samedi des auteurs seront pr\u00e9sents pour d\u00e9dicacer leur livre.&nbsp;<\/p>\n\n\n\n<p>Le dimanche d\u00e8s 15h un concert de l&rsquo;atelier de composition d&rsquo;Aur\u00e9lie Charneux enchantera vos oreilles&#8230;<\/p>\n\n\n\n<p>Accueil convivial, boissons chaudes, soupe, grignotages&#8230;&nbsp;<\/p>\n\n\n\n<p><strong>Des cadeaux d&rsquo;artiste<\/strong><br>Anne Garnier &#8211; Jack Ross &#8211; Ptit Marc &#8211; Ren\u00e9 weling &#8211; Mich\u00e8le Divoy &#8211; Pascale Fichers &#8211; Juliette Germain &#8211; Marie Carracedo &#8211; V\u00e9ronique Weckx &#8211; Patrick Marczewski &#8211; Christine Falaise &#8211; Alain Letroye &#8211; Elise Sironval &#8211; Adelin Donnay &#8211; Christophe Eudes &#8211; Benjamin Monti &#8211; Maurice Antoine<br><br><strong>Vendredi 6 d\u00e9cembre de 18 \u00e0 21h<br>Samedi 7 de 10h \u00e0 17h <br>Dimanche 8 d\u00e9cembre de 10 \u00e0 17h<\/strong><\/p>\n\n\n\n<p>Entr\u00e9e gratuite<\/p>\n\n\n\n<p>La Galerie du Livre et de l&rsquo;\u00e9trange Th\u00e9\u00e2tre<br>59 rue Vall\u00e9e 4051 Vaux-sous-Ch\u00e8vremont<br><br><\/p>\n\n\n\n<figure class=\"wp-block-image size-large\"><img data-recalc-dims=\"1\" loading=\"lazy\" decoding=\"async\" width=\"724\" height=\"1024\" src=\"https:\/\/i0.wp.com\/lagaleriedulivre.be\/wp-content\/uploads\/2024\/11\/affiche-cadeaux-artiste.jpg?resize=724%2C1024\" alt=\"\" class=\"wp-image-684\" srcset=\"https:\/\/i0.wp.com\/lagaleriedulivre.be\/wp-content\/uploads\/2024\/11\/affiche-cadeaux-artiste.jpg?resize=724%2C1024&amp;ssl=1 724w, https:\/\/i0.wp.com\/lagaleriedulivre.be\/wp-content\/uploads\/2024\/11\/affiche-cadeaux-artiste.jpg?resize=212%2C300&amp;ssl=1 212w, https:\/\/i0.wp.com\/lagaleriedulivre.be\/wp-content\/uploads\/2024\/11\/affiche-cadeaux-artiste.jpg?resize=768%2C1086&amp;ssl=1 768w, https:\/\/i0.wp.com\/lagaleriedulivre.be\/wp-content\/uploads\/2024\/11\/affiche-cadeaux-artiste.jpg?w=1008&amp;ssl=1 1008w\" sizes=\"auto, (max-width: 724px) 100vw, 724px\" \/><\/figure>\n","protected":false},"excerpt":{"rendered":"<p>Si vous cherchez quelque chose d&rsquo;original \u00e0 offrir, ou si vous d\u00e9sirez simplement passer un bon moment en famille, le week-end \u00ab\u00a0Cadeaux d&rsquo;artiste\u00a0\u00bb va vous &hellip; <\/p>\n","protected":false},"author":1,"featured_media":681,"comment_status":"open","ping_status":"open","sticky":false,"template":"","format":"standard","meta":{"_jetpack_memberships_contains_paid_content":false,"footnotes":""},"categories":[1],"tags":[],"class_list":["post-680","post","type-post","status-publish","format-standard","has-post-thumbnail","hentry","category-non-classe"],"jetpack_featured_media_url":"https:\/\/i0.wp.com\/lagaleriedulivre.be\/wp-content\/uploads\/2024\/11\/cadeaux-d-artiste.jpg?fit=950%2C547&ssl=1","jetpack_sharing_enabled":true,"_links":{"self":[{"href":"https:\/\/lagaleriedulivre.be\/index.php?rest_route=\/wp\/v2\/posts\/680","targetHints":{"allow":["GET"]}}],"collection":[{"href":"https:\/\/lagaleriedulivre.be\/index.php?rest_route=\/wp\/v2\/posts"}],"about":[{"href":"https:\/\/lagaleriedulivre.be\/index.php?rest_route=\/wp\/v2\/types\/post"}],"author":[{"embeddable":true,"href":"https:\/\/lagaleriedulivre.be\/index.php?rest_route=\/wp\/v2\/users\/1"}],"replies":[{"embeddable":true,"href":"https:\/\/lagaleriedulivre.be\/index.php?rest_route=%2Fwp%2Fv2%2Fcomments&post=680"}],"version-history":[{"count":7,"href":"https:\/\/lagaleriedulivre.be\/index.php?rest_route=\/wp\/v2\/posts\/680\/revisions"}],"predecessor-version":[{"id":694,"href":"https:\/\/lagaleriedulivre.be\/index.php?rest_route=\/wp\/v2\/posts\/680\/revisions\/694"}],"wp:featuredmedia":[{"embeddable":true,"href":"https:\/\/lagaleriedulivre.be\/index.php?rest_route=\/wp\/v2\/media\/681"}],"wp:attachment":[{"href":"https:\/\/lagaleriedulivre.be\/index.php?rest_route=%2Fwp%2Fv2%2Fmedia&parent=680"}],"wp:term":[{"taxonomy":"category","embeddable":true,"href":"https:\/\/lagaleriedulivre.be\/index.php?rest_route=%2Fwp%2Fv2%2Fcategories&post=680"},{"taxonomy":"post_tag","embeddable":true,"href":"https:\/\/lagaleriedulivre.be\/index.php?rest_route=%2Fwp%2Fv2%2Ftags&post=680"}],"curies":[{"name":"wp","href":"https:\/\/api.w.org\/{rel}","templated":true}]}}