{"id":669,"date":"2024-10-30T12:07:23","date_gmt":"2024-10-30T11:07:23","guid":{"rendered":"http:\/\/lagaleriedulivre.be\/?p=669"},"modified":"2025-01-29T13:57:23","modified_gmt":"2025-01-29T12:57:23","slug":"expo-perrie-delcourt-mathieu-petitjean-09-11-01-12","status":"publish","type":"post","link":"https:\/\/lagaleriedulivre.be\/?p=669","title":{"rendered":"Expo Pierre Delcourt &amp; Mathieu Petitjean (09\/11 &#8211; 01\/12)"},"content":{"rendered":"\n<p>Fraichement sortis de Saint-Luc Li\u00e8ge, ces jeunes artistes nous transmettent un regard sur la place de l&rsquo;art dans la vie urbaine. Leurs \u0153uvres visuelles mixent les techniques et conjuguent leurs talents de peintre et installateur. Pierre Delcourt est m\u00fb par le d\u00e9sir de cr\u00e9er un espace d&rsquo;art polyvalent, nous lui avons donc donn\u00e9 carte blanche, il s&rsquo;est associ\u00e9 \u00e0 Mathieu Petitjean qui apporte ici une dynamique aussi concr\u00e8te que r\u00e9flexive sur ce qui est cach\u00e9&#8230;&nbsp;<\/p>\n\n\n\n<p><strong>Barricade <\/strong><br><strong>du 09\/11 au 01\/12\/2024<\/strong><br>Tous les week-ends de 16 \u00e0 19h<br>59 rue Vall\u00e9e 4051 Vaux-sous-Ch\u00e8vremont<br>Ou sur rendez-vous (+32 468 388 006)<br><strong>Entr\u00e9e gratuite<\/strong><\/p>\n\n\n\n<p><strong>\u00c9v\u00e9nements associ\u00e9s :<\/strong>\u00a0<br>&#8211; <strong>Lire \u00e0 table<\/strong> d\u00e8s 19h, le 9 novembre.<br>Occasion de manger en compagnie des artistes et d&rsquo;<strong>Emmanuel Laborie<\/strong>, auteur du roman \u00ab Les aventures de Lulu Dacier \u00bb<br>&#8211; <strong>Concert\/performance<\/strong> de <strong>Ren\u00e9DesFlammes et C\u00e9cile Cetout<\/strong> le 16 novembre \u00e0 16h : \u00ab Compter les jambes de la matrone \u00bb (Po\u00e9sie et bidouilles sonores).\u00a0<\/p>\n\n\n\n<p>R\u00e9servation n\u00e9cessaire : 0468 388 006<\/p>\n\n\n\n<figure class=\"wp-block-image size-full\"><img data-recalc-dims=\"1\" loading=\"lazy\" decoding=\"async\" width=\"609\" height=\"861\" src=\"https:\/\/i0.wp.com\/lagaleriedulivre.be\/wp-content\/uploads\/2024\/10\/affiche-Pierre-Mathieu.jpg?resize=609%2C861\" alt=\"\" class=\"wp-image-670\" srcset=\"https:\/\/i0.wp.com\/lagaleriedulivre.be\/wp-content\/uploads\/2024\/10\/affiche-Pierre-Mathieu.jpg?w=609&amp;ssl=1 609w, https:\/\/i0.wp.com\/lagaleriedulivre.be\/wp-content\/uploads\/2024\/10\/affiche-Pierre-Mathieu.jpg?resize=212%2C300&amp;ssl=1 212w\" sizes=\"auto, (max-width: 609px) 100vw, 609px\" \/><\/figure>\n","protected":false},"excerpt":{"rendered":"<p>Fraichement sortis de Saint-Luc Li\u00e8ge, ces jeunes artistes nous transmettent un regard sur la place de l&rsquo;art dans la vie urbaine. Leurs \u0153uvres visuelles mixent &hellip; <\/p>\n","protected":false},"author":1,"featured_media":672,"comment_status":"open","ping_status":"open","sticky":false,"template":"","format":"standard","meta":{"_jetpack_memberships_contains_paid_content":false,"footnotes":""},"categories":[1],"tags":[],"class_list":["post-669","post","type-post","status-publish","format-standard","has-post-thumbnail","hentry","category-non-classe"],"jetpack_featured_media_url":"https:\/\/i0.wp.com\/lagaleriedulivre.be\/wp-content\/uploads\/2024\/10\/expo-Barricade.jpg?fit=950%2C547&ssl=1","jetpack_sharing_enabled":true,"_links":{"self":[{"href":"https:\/\/lagaleriedulivre.be\/index.php?rest_route=\/wp\/v2\/posts\/669","targetHints":{"allow":["GET"]}}],"collection":[{"href":"https:\/\/lagaleriedulivre.be\/index.php?rest_route=\/wp\/v2\/posts"}],"about":[{"href":"https:\/\/lagaleriedulivre.be\/index.php?rest_route=\/wp\/v2\/types\/post"}],"author":[{"embeddable":true,"href":"https:\/\/lagaleriedulivre.be\/index.php?rest_route=\/wp\/v2\/users\/1"}],"replies":[{"embeddable":true,"href":"https:\/\/lagaleriedulivre.be\/index.php?rest_route=%2Fwp%2Fv2%2Fcomments&post=669"}],"version-history":[{"count":2,"href":"https:\/\/lagaleriedulivre.be\/index.php?rest_route=\/wp\/v2\/posts\/669\/revisions"}],"predecessor-version":[{"id":674,"href":"https:\/\/lagaleriedulivre.be\/index.php?rest_route=\/wp\/v2\/posts\/669\/revisions\/674"}],"wp:featuredmedia":[{"embeddable":true,"href":"https:\/\/lagaleriedulivre.be\/index.php?rest_route=\/wp\/v2\/media\/672"}],"wp:attachment":[{"href":"https:\/\/lagaleriedulivre.be\/index.php?rest_route=%2Fwp%2Fv2%2Fmedia&parent=669"}],"wp:term":[{"taxonomy":"category","embeddable":true,"href":"https:\/\/lagaleriedulivre.be\/index.php?rest_route=%2Fwp%2Fv2%2Fcategories&post=669"},{"taxonomy":"post_tag","embeddable":true,"href":"https:\/\/lagaleriedulivre.be\/index.php?rest_route=%2Fwp%2Fv2%2Ftags&post=669"}],"curies":[{"name":"wp","href":"https:\/\/api.w.org\/{rel}","templated":true}]}}