{"id":562,"date":"2024-02-01T15:14:52","date_gmt":"2024-02-01T14:14:52","guid":{"rendered":"http:\/\/lagalerieduliv.cluster1.easy-hebergement.net\/?p=562"},"modified":"2024-04-21T22:59:40","modified_gmt":"2024-04-21T20:59:40","slug":"expo-andalana-sur-la-route-24-02-24-03","status":"publish","type":"post","link":"https:\/\/lagaleriedulivre.be\/?p=562","title":{"rendered":"Expo : Andalana&#8230; Sur la route (24\/02 &#8211; 24\/03)"},"content":{"rendered":"\n<p>Si nous sommes vivants, nous sommes toujours sur une route\u2026 quelle qu\u2019elle soit.<\/p>\n\n\n\n<p>Il y a des routes, des chemins partout, dans tous les sens.<\/p>\n\n\n\n<p>Et les histoires voyagent.<\/p>\n\n\n\n<p>Cette fois, je pr\u00e9sente donc quelques images et petits \u00eatres des bords de route, faits avec la terre, l\u2019eau, le soleil et le vent\u00a0; \u00eatres de lumi\u00e8re et d\u2019ombre, vivants et faits avec amour.<\/p>\n\n\n\n<p>Andalana, sur la route\u2026 Brigitte et moi, un jour. On s\u2019est crois\u00e9 l\u00e0-bas sur cette \u00eele, petit continent de mes r\u00eaves, partageant un moment la m\u00eame histoire.<\/p>\n\n\n\n<p>Je me souviens, Brigitte, tu es descendue dans le Grand Sud, pour rencontrer une dame, une grande dame. Puis, tu es repartie comme tu es venue.<\/p>\n\n\n\n<p>Et l\u00e0, aujourd\u2019hui, c\u2019est moi qui reviens autrement&#8230; en r\u00eave\u2026 toujours.<\/p>\n\n\n\n<p class=\"has-text-align-right\">\u00ab\u00a0\u00c0 Brigitte\u00a0\u00bb 30 janvier 2024.\u00a0\u00a0\u00a0<\/p>\n\n\n\n<p class=\"has-text-align-right\">Les histoires ne s\u2019arr\u00eatent jamais.\u00a0\u00a0\u00a0<\/p>\n\n\n\n<p class=\"has-text-align-right\"><em>\u00a0<\/em>Mimy<\/p>\n\n\n\n<hr class=\"wp-block-separator has-alpha-channel-opacity\"\/>\n\n\n\n<p>\u00c0 l&rsquo;occasion de la parution du roman \u00ab Sarandra \u00bb de Brigitte Kaquet aux <a href=\"http:\/\/bozon2x.be\">\u00e9ditions BOZON2X<\/a><br>Lecture d&rsquo;extraits par <strong>Ann de Fonvent<\/strong> et <strong>Claire Blach<\/strong><br>Le dimanche <strong>03\/03<\/strong> \u00e0 <strong>16h30<\/strong><br>entr\u00e9e gratuite<\/p>\n\n\n<div class=\"wp-block-image\">\n<figure class=\"aligncenter size-full\"><img data-recalc-dims=\"1\" loading=\"lazy\" decoding=\"async\" width=\"754\" height=\"1023\" src=\"https:\/\/i0.wp.com\/lagaleriedulivre.be\/wp-content\/uploads\/2024\/02\/Couv-Sarandra.jpg?resize=754%2C1023\" alt=\"\" class=\"wp-image-565\" srcset=\"https:\/\/i0.wp.com\/lagaleriedulivre.be\/wp-content\/uploads\/2024\/02\/Couv-Sarandra.jpg?w=754&amp;ssl=1 754w, https:\/\/i0.wp.com\/lagaleriedulivre.be\/wp-content\/uploads\/2024\/02\/Couv-Sarandra.jpg?resize=221%2C300&amp;ssl=1 221w, https:\/\/i0.wp.com\/lagaleriedulivre.be\/wp-content\/uploads\/2024\/02\/Couv-Sarandra.jpg?resize=44%2C60&amp;ssl=1 44w\" sizes=\"auto, (max-width: 754px) 100vw, 754px\" \/><\/figure>\n<\/div>\n\n\n<hr class=\"wp-block-separator has-alpha-channel-opacity\"\/>\n\n\n\n<p>Expo <strong>\u00ab Andalana&#8230; Sur la route \u00bb\u00a0<\/strong><br>Peintures acryliques sur toile et sur papier artisanal \u2013 Sculptures\u00a0<br>de <strong>Sexy Exp\u00e9dition Y\u00e9y\u00e9<\/strong><br><strong>Du 24\/02 au 24\/03\/202<\/strong>4<br>Tous les week-ends de\u00a0<strong>16 \u00e0 19h<\/strong><br>59 rue Vall\u00e9e 4051 Vaux-sous-Ch\u00e8vremont<br>Ou sur rendez-vous (+32 468 388 006)<br>Entr\u00e9e gratuite<\/p>\n","protected":false},"excerpt":{"rendered":"<p>Si nous sommes vivants, nous sommes toujours sur une route\u2026 quelle qu\u2019elle soit. Il y a des routes, des chemins partout, dans tous les sens. &hellip; <\/p>\n","protected":false},"author":1,"featured_media":566,"comment_status":"open","ping_status":"open","sticky":false,"template":"","format":"standard","meta":{"_jetpack_memberships_contains_paid_content":false,"footnotes":""},"categories":[1],"tags":[187,186,183,80,184],"class_list":["post-562","post","type-post","status-publish","format-standard","has-post-thumbnail","hentry","category-non-classe","tag-afrique","tag-madagascar","tag-malgache","tag-musique","tag-voyage"],"jetpack_featured_media_url":"https:\/\/i0.wp.com\/lagaleriedulivre.be\/wp-content\/uploads\/2024\/02\/andalana.jpg?fit=950%2C547&ssl=1","jetpack_sharing_enabled":true,"_links":{"self":[{"href":"https:\/\/lagaleriedulivre.be\/index.php?rest_route=\/wp\/v2\/posts\/562","targetHints":{"allow":["GET"]}}],"collection":[{"href":"https:\/\/lagaleriedulivre.be\/index.php?rest_route=\/wp\/v2\/posts"}],"about":[{"href":"https:\/\/lagaleriedulivre.be\/index.php?rest_route=\/wp\/v2\/types\/post"}],"author":[{"embeddable":true,"href":"https:\/\/lagaleriedulivre.be\/index.php?rest_route=\/wp\/v2\/users\/1"}],"replies":[{"embeddable":true,"href":"https:\/\/lagaleriedulivre.be\/index.php?rest_route=%2Fwp%2Fv2%2Fcomments&post=562"}],"version-history":[{"count":5,"href":"https:\/\/lagaleriedulivre.be\/index.php?rest_route=\/wp\/v2\/posts\/562\/revisions"}],"predecessor-version":[{"id":570,"href":"https:\/\/lagaleriedulivre.be\/index.php?rest_route=\/wp\/v2\/posts\/562\/revisions\/570"}],"wp:featuredmedia":[{"embeddable":true,"href":"https:\/\/lagaleriedulivre.be\/index.php?rest_route=\/wp\/v2\/media\/566"}],"wp:attachment":[{"href":"https:\/\/lagaleriedulivre.be\/index.php?rest_route=%2Fwp%2Fv2%2Fmedia&parent=562"}],"wp:term":[{"taxonomy":"category","embeddable":true,"href":"https:\/\/lagaleriedulivre.be\/index.php?rest_route=%2Fwp%2Fv2%2Fcategories&post=562"},{"taxonomy":"post_tag","embeddable":true,"href":"https:\/\/lagaleriedulivre.be\/index.php?rest_route=%2Fwp%2Fv2%2Ftags&post=562"}],"curies":[{"name":"wp","href":"https:\/\/api.w.org\/{rel}","templated":true}]}}