{"id":520,"date":"2023-09-18T22:01:45","date_gmt":"2023-09-18T20:01:45","guid":{"rendered":"http:\/\/lagalerieduliv.cluster1.easy-hebergement.net\/?p=520"},"modified":"2024-02-01T14:08:41","modified_gmt":"2024-02-01T13:08:41","slug":"expo-guy-lemaire-07-29-10-23","status":"publish","type":"post","link":"https:\/\/lagaleriedulivre.be\/?p=520","title":{"rendered":"Expo Guy Lemaire (07-29\/10\/23)"},"content":{"rendered":"\n<p>Explorateur des arts et des \u00eatres dans tous leurs \u00e9tats, entre gore et Pythagore, Guy Lemaire est un artiste polymorphe. Peintre passionn\u00e9 d&rsquo;art brut comme de math\u00e9matique, photographe et vid\u00e9aste int\u00e9ress\u00e9 par les nouvelles technologies et les rituels primitifs. Aussi inspir\u00e9 qu&rsquo;affranchi, avec l&rsquo;acuit\u00e9 et toutes les libert\u00e9s d&rsquo;un artiste arriv\u00e9 \u00e0 maturit\u00e9, avec la d\u00e9sarmante douceur d&rsquo;un homme de c\u0153ur, Guy Lemaire se fait ma\u00eetre d&rsquo;une grande c\u00e9r\u00e9monie d&rsquo;hommage aux corps dans toutes leurs singularit\u00e9s. Son art est un miroir de nos go\u00fbts souvent inavouables pour l&rsquo;\u00e9trange, le sulfure, la luxure, les plaisirs du sexe et leurs rites complices.<\/p>\n\n\n\n<p><\/p>\n\n\n<div class=\"wp-block-image\">\n<figure class=\"aligncenter size-large\"><img data-recalc-dims=\"1\" loading=\"lazy\" decoding=\"async\" width=\"708\" height=\"1024\" src=\"https:\/\/i0.wp.com\/lagaleriedulivre.be\/wp-content\/uploads\/2023\/09\/Carte-Promo-expo-Guy-1.jpg?resize=708%2C1024\" alt=\"\" class=\"wp-image-524\" srcset=\"https:\/\/i0.wp.com\/lagaleriedulivre.be\/wp-content\/uploads\/2023\/09\/Carte-Promo-expo-Guy-1.jpg?resize=708%2C1024&amp;ssl=1 708w, https:\/\/i0.wp.com\/lagaleriedulivre.be\/wp-content\/uploads\/2023\/09\/Carte-Promo-expo-Guy-1.jpg?resize=207%2C300&amp;ssl=1 207w, https:\/\/i0.wp.com\/lagaleriedulivre.be\/wp-content\/uploads\/2023\/09\/Carte-Promo-expo-Guy-1.jpg?resize=41%2C60&amp;ssl=1 41w, https:\/\/i0.wp.com\/lagaleriedulivre.be\/wp-content\/uploads\/2023\/09\/Carte-Promo-expo-Guy-1.jpg?w=747&amp;ssl=1 747w\" sizes=\"auto, (max-width: 708px) 100vw, 708px\" \/><figcaption class=\"wp-element-caption\">Aboturing 008 \u00a9 Guy Lemaire<\/figcaption><\/figure>\n<\/div>\n\n\n<p>Il a acquis une renomm\u00e9e internationale gr\u00e2ce \u00e0 ses nombreuses expositions (Tokyo, Amsterdam, Cologne, Milan\u2026), d\u2019\u0153uvres pr\u00e9sentes dans des collections prestigieuses telles que le D\u00e9partement des Estampes et de la Photographie de la Biblioth\u00e8que nationale de France \u00e0 Paris, la Collection Paul Arden (Saatchi &amp; Saatchi) et le Mus\u00e9e Ken Damy \u00e0 Milan.<\/p>\n\n\n\n<p>Il nous a fait l&rsquo;honneur de pr\u00eater l&rsquo;une de ses photos pour la couverture du livre de <a href=\"https:\/\/bozon2x.be\/blog\/entretien-avec-sol-ferrieres\/\">Sol Ferri\u00e8res, <em>Deux contes d&rsquo;aride et de moisi<\/em><\/a>, publi\u00e9 aux <a href=\"http:\/\/bozon2x.be\">\u00e9ditions BOZON2X<\/a>.<\/p>\n\n\n\n<p><\/p>\n\n\n<div class=\"wp-block-image\">\n<figure class=\"aligncenter size-large is-resized\"><img data-recalc-dims=\"1\" loading=\"lazy\" decoding=\"async\" width=\"593\" height=\"1024\" src=\"https:\/\/i0.wp.com\/lagaleriedulivre.be\/wp-content\/uploads\/2023\/09\/Couv-Deux-Contes.jpg?resize=593%2C1024\" alt=\"\" class=\"wp-image-531\" style=\"width:367px;height:634px\" srcset=\"https:\/\/i0.wp.com\/lagaleriedulivre.be\/wp-content\/uploads\/2023\/09\/Couv-Deux-Contes.jpg?resize=593%2C1024&amp;ssl=1 593w, https:\/\/i0.wp.com\/lagaleriedulivre.be\/wp-content\/uploads\/2023\/09\/Couv-Deux-Contes.jpg?resize=174%2C300&amp;ssl=1 174w, https:\/\/i0.wp.com\/lagaleriedulivre.be\/wp-content\/uploads\/2023\/09\/Couv-Deux-Contes.jpg?resize=768%2C1327&amp;ssl=1 768w, https:\/\/i0.wp.com\/lagaleriedulivre.be\/wp-content\/uploads\/2023\/09\/Couv-Deux-Contes.jpg?resize=35%2C60&amp;ssl=1 35w, https:\/\/i0.wp.com\/lagaleriedulivre.be\/wp-content\/uploads\/2023\/09\/Couv-Deux-Contes.jpg?w=809&amp;ssl=1 809w\" sizes=\"auto, (max-width: 593px) 100vw, 593px\" \/><\/figure>\n<\/div>\n\n\n<p>L&rsquo;inauguration de l&rsquo;exposition sera suivie, \u00e0 19h, d&rsquo;un <em>Lire \u00e0 table<\/em> en pr\u00e9sence de Sol Ferri\u00e8res. &nbsp;<br>Des lectures inspir\u00e9es par le th\u00e8me de l&rsquo;expo ponctuent un repas (vous pouvez apporter vos textes ou des extraits de livres).&nbsp;<br><strong>Menu : 16 \u20ac (plat-dessert) \/ r\u00e9servations : 0468 388 006<\/strong><\/p>\n\n\n\n<hr class=\"wp-block-separator has-alpha-channel-opacity\"\/>\n\n\n\n<p><strong>\u00ab L&rsquo;Art M\u00fbr \u00bb&nbsp;<\/strong><br>Guy Lemaire<br><strong>Du 07 au 29\/10\/2023<\/strong><br>Tous les week-ends de&nbsp;<strong>16 \u00e0 19h<\/strong><br>59 rue Vall\u00e9e 4051 Vaux-sous-Ch\u00e8vremont<br>Ou sur rendez-vous (+32 468 388 006)<br>Entr\u00e9e gratuite<\/p>\n","protected":false},"excerpt":{"rendered":"<p>Explorateur des arts et des \u00eatres dans tous leurs \u00e9tats, entre gore et Pythagore, Guy Lemaire est un artiste polymorphe. Peintre passionn\u00e9 d&rsquo;art brut comme &hellip; <\/p>\n","protected":false},"author":1,"featured_media":521,"comment_status":"open","ping_status":"open","sticky":false,"template":"","format":"standard","meta":{"_jetpack_memberships_contains_paid_content":false,"footnotes":""},"categories":[1],"tags":[],"class_list":["post-520","post","type-post","status-publish","format-standard","has-post-thumbnail","hentry","category-non-classe"],"jetpack_featured_media_url":"https:\/\/i0.wp.com\/lagaleriedulivre.be\/wp-content\/uploads\/2023\/09\/expo-guy-lemaire.jpg?fit=950%2C547&ssl=1","jetpack_sharing_enabled":true,"_links":{"self":[{"href":"https:\/\/lagaleriedulivre.be\/index.php?rest_route=\/wp\/v2\/posts\/520","targetHints":{"allow":["GET"]}}],"collection":[{"href":"https:\/\/lagaleriedulivre.be\/index.php?rest_route=\/wp\/v2\/posts"}],"about":[{"href":"https:\/\/lagaleriedulivre.be\/index.php?rest_route=\/wp\/v2\/types\/post"}],"author":[{"embeddable":true,"href":"https:\/\/lagaleriedulivre.be\/index.php?rest_route=\/wp\/v2\/users\/1"}],"replies":[{"embeddable":true,"href":"https:\/\/lagaleriedulivre.be\/index.php?rest_route=%2Fwp%2Fv2%2Fcomments&post=520"}],"version-history":[{"count":9,"href":"https:\/\/lagaleriedulivre.be\/index.php?rest_route=\/wp\/v2\/posts\/520\/revisions"}],"predecessor-version":[{"id":564,"href":"https:\/\/lagaleriedulivre.be\/index.php?rest_route=\/wp\/v2\/posts\/520\/revisions\/564"}],"wp:featuredmedia":[{"embeddable":true,"href":"https:\/\/lagaleriedulivre.be\/index.php?rest_route=\/wp\/v2\/media\/521"}],"wp:attachment":[{"href":"https:\/\/lagaleriedulivre.be\/index.php?rest_route=%2Fwp%2Fv2%2Fmedia&parent=520"}],"wp:term":[{"taxonomy":"category","embeddable":true,"href":"https:\/\/lagaleriedulivre.be\/index.php?rest_route=%2Fwp%2Fv2%2Fcategories&post=520"},{"taxonomy":"post_tag","embeddable":true,"href":"https:\/\/lagaleriedulivre.be\/index.php?rest_route=%2Fwp%2Fv2%2Ftags&post=520"}],"curies":[{"name":"wp","href":"https:\/\/api.w.org\/{rel}","templated":true}]}}