{"id":495,"date":"2023-06-01T13:47:47","date_gmt":"2023-06-01T11:47:47","guid":{"rendered":"http:\/\/lagalerieduliv.cluster1.easy-hebergement.net\/?p=495"},"modified":"2023-10-27T22:01:16","modified_gmt":"2023-10-27T20:01:16","slug":"spectacle-discours-de-la-servitude-volontaire-15-06","status":"publish","type":"post","link":"https:\/\/lagaleriedulivre.be\/?p=495","title":{"rendered":"Spectacle \u00ab Discours de la servitude volontaire \u00bb (15\/06)"},"content":{"rendered":"\n<p>Charly Magonza inaugure la Marche des philosophes chez nous avec une adaptation du\u00a0<em>Discours de la servitude volontaire\u00a0<\/em>d&rsquo;Etienne de la Bo\u00e9tie.<\/p>\n\n\n\n<p>Comment la servitude peut-elle \u00eatre volontaire ? Comment la libert\u00e9 peut-elle se nier elle-m\u00eame ? Comment peut-on avoir le d\u00e9sir de se soumettre ?<\/p>\n\n\n\n<p>Dans ce spectacle se joue un \u00e9tonnant dialogue avec la Bo\u00e9tie, le com\u00e9dien nous embarque a travers le\u00a0<em>Discours de la servitude volontaire\u00a0<\/em>dans une travers\u00e9e \u00e9pique et quelque peu inattendue. Un plongeon au c\u0153ur d\u2019une pens\u00e9e saisissante.<\/p>\n\n\n\n<p><strong>\u00ab Discours de la servitude volontaire \u00bb<\/strong>\u00a0<br>D&rsquo;apr\u00e8s\u00a0<strong>Etienne de la Bo\u00e9tie<br><\/strong>Avec\u00a0<strong>Charly Magonza<br><\/strong>Mise en sc\u00e8ne sc\u00e8ne\u00a0<strong>Charly Magonza, Agathe Mortelecq<\/strong><br><strong>Le 15\/06 \u00e0 19h30<\/strong><br>59 rue Vall\u00e9e 4051 Vaux-sous-Ch\u00e8vremont<br>Infos et r\u00e9servations (+32 468 388 006)<br>PAF : 12 \u20ac<\/p>\n","protected":false},"excerpt":{"rendered":"<p>Charly Magonza inaugure la Marche des philosophes chez nous avec une adaptation du\u00a0Discours de la servitude volontaire\u00a0d&rsquo;Etienne de la Bo\u00e9tie. Comment la servitude peut-elle \u00eatre &hellip; <\/p>\n","protected":false},"author":1,"featured_media":496,"comment_status":"open","ping_status":"open","sticky":false,"template":"","format":"standard","meta":{"_jetpack_memberships_contains_paid_content":false,"footnotes":""},"categories":[1],"tags":[42,179,88,60],"class_list":["post-495","post","type-post","status-publish","format-standard","has-post-thumbnail","hentry","category-non-classe","tag-litterature","tag-philosophie","tag-poesie","tag-theatre"],"jetpack_featured_media_url":"https:\/\/i0.wp.com\/lagaleriedulivre.be\/wp-content\/uploads\/2023\/06\/Servitude-volontaire.jpg?fit=950%2C547&ssl=1","jetpack_sharing_enabled":true,"_links":{"self":[{"href":"https:\/\/lagaleriedulivre.be\/index.php?rest_route=\/wp\/v2\/posts\/495","targetHints":{"allow":["GET"]}}],"collection":[{"href":"https:\/\/lagaleriedulivre.be\/index.php?rest_route=\/wp\/v2\/posts"}],"about":[{"href":"https:\/\/lagaleriedulivre.be\/index.php?rest_route=\/wp\/v2\/types\/post"}],"author":[{"embeddable":true,"href":"https:\/\/lagaleriedulivre.be\/index.php?rest_route=\/wp\/v2\/users\/1"}],"replies":[{"embeddable":true,"href":"https:\/\/lagaleriedulivre.be\/index.php?rest_route=%2Fwp%2Fv2%2Fcomments&post=495"}],"version-history":[{"count":1,"href":"https:\/\/lagaleriedulivre.be\/index.php?rest_route=\/wp\/v2\/posts\/495\/revisions"}],"predecessor-version":[{"id":497,"href":"https:\/\/lagaleriedulivre.be\/index.php?rest_route=\/wp\/v2\/posts\/495\/revisions\/497"}],"wp:featuredmedia":[{"embeddable":true,"href":"https:\/\/lagaleriedulivre.be\/index.php?rest_route=\/wp\/v2\/media\/496"}],"wp:attachment":[{"href":"https:\/\/lagaleriedulivre.be\/index.php?rest_route=%2Fwp%2Fv2%2Fmedia&parent=495"}],"wp:term":[{"taxonomy":"category","embeddable":true,"href":"https:\/\/lagaleriedulivre.be\/index.php?rest_route=%2Fwp%2Fv2%2Fcategories&post=495"},{"taxonomy":"post_tag","embeddable":true,"href":"https:\/\/lagaleriedulivre.be\/index.php?rest_route=%2Fwp%2Fv2%2Ftags&post=495"}],"curies":[{"name":"wp","href":"https:\/\/api.w.org\/{rel}","templated":true}]}}