{"id":488,"date":"2023-06-01T13:23:36","date_gmt":"2023-06-01T11:23:36","guid":{"rendered":"http:\/\/lagalerieduliv.cluster1.easy-hebergement.net\/?p=488"},"modified":"2023-08-24T13:27:29","modified_gmt":"2023-08-24T11:27:29","slug":"spectacle-histoires-boisees-02-07","status":"publish","type":"post","link":"https:\/\/lagaleriedulivre.be\/?p=488","title":{"rendered":"Spectacle \u00ab Histoires bois\u00e9es \u00bb (02\/07)"},"content":{"rendered":"\n<p>Histoires bois\u00e9es : une aventure sensorielle, sonore et visuelle pour petits et grands, quatre histoires traditionnelles des quatre coins du monde, librement r\u00e9\u00e9crites, interpr\u00e9t\u00e9es et mises en musique par Bernadette Lox avec le soutien de Claire Blach pour la mise en sc\u00e8ne et la dramaturgie.\u00a0<\/p>\n\n\n\n<p>\u2022 Naissance d&rsquo;une contrebasse (un jeune gar\u00e7on cherche \u00e0 partager son amour de la musique des arbres avec son amoureuse)&nbsp;<\/p>\n\n\n\n<p>\u2022 L&rsquo;ours au Croissant de lune (pour se rapprocher de son mari, revenu de la guerre et enferm\u00e9 dans un mutisme, une femme va affronter des \u00e9preuves&#8230; )&nbsp;<\/p>\n\n\n\n<p>\u2022 Le moustique (histoire d&rsquo;un moustique anim\u00e9 par des d\u00e9sirs de guerre)&nbsp;<\/p>\n\n\n\n<p>\u2022 L&rsquo;enfant renard (parcours d&rsquo;un enfant aveugle, abandonn\u00e9 dans la for\u00eat par son p\u00e8re, un roi vaniteux&#8230;)&nbsp;<\/p>\n\n\n\n<p>Les humains, au prise avec leurs d\u00e9sirs d&rsquo;amour, leurs mesquineries, leurs cruaut\u00e9s, ou leurs beaut\u00e9s puisent dans la nature des enseignements salvateurs, y rencontrent des miroirs parlants ; ces animaux dont les caract\u00e8res sont parfois bien proches des n\u00f4tres.&nbsp;<\/p>\n\n\n\n<p>La for\u00eat s&rsquo;\u00e9rige en source d&rsquo;inspiration, lieu d\u2019initiation, de transformation, refuge, espace de r\u00eaves. Comme les chants du vent dans les branches font r\u00eaver, la musique, les sons d&rsquo;une contrebasse aident les personnages \u00e0 s&rsquo;accomplir ou les sauvent de leur condition. A la lisi\u00e8re entre conte et th\u00e9\u00e2tre, les personnages sont incarn\u00e9s avec une \u00e9mouvante dr\u00f4lerie, cette dimension tragi-comique d&rsquo;existences qui se d\u00e9p\u00eatrent d&rsquo;obstacles, de d\u00e9fis, de sentiments parfois douloureux&#8230;&nbsp;<\/p>\n\n\n\n<p><strong>\u00ab Histoires bois\u00e9es \u00bb<\/strong> <br>Bernadette Lox<br><strong>Le 02\/07 \u00e0 15h<\/strong><br>59 rue Vall\u00e9e 4051 Vaux-sous-Ch\u00e8vremont<br>Infos et r\u00e9servations (+32 468 388 006)<br>PAF : 12 \u20ac <\/p>\n","protected":false},"excerpt":{"rendered":"<p>Histoires bois\u00e9es : une aventure sensorielle, sonore et visuelle pour petits et grands, quatre histoires traditionnelles des quatre coins du monde, librement r\u00e9\u00e9crites, interpr\u00e9t\u00e9es et &hellip; <\/p>\n","protected":false},"author":1,"featured_media":489,"comment_status":"open","ping_status":"open","sticky":false,"template":"","format":"standard","meta":{"_jetpack_memberships_contains_paid_content":false,"footnotes":""},"categories":[1],"tags":[],"class_list":["post-488","post","type-post","status-publish","format-standard","has-post-thumbnail","hentry","category-non-classe"],"jetpack_featured_media_url":"https:\/\/i0.wp.com\/lagaleriedulivre.be\/wp-content\/uploads\/2023\/06\/bernadette-Lox.jpg?fit=950%2C547&ssl=1","jetpack_sharing_enabled":true,"_links":{"self":[{"href":"https:\/\/lagaleriedulivre.be\/index.php?rest_route=\/wp\/v2\/posts\/488","targetHints":{"allow":["GET"]}}],"collection":[{"href":"https:\/\/lagaleriedulivre.be\/index.php?rest_route=\/wp\/v2\/posts"}],"about":[{"href":"https:\/\/lagaleriedulivre.be\/index.php?rest_route=\/wp\/v2\/types\/post"}],"author":[{"embeddable":true,"href":"https:\/\/lagaleriedulivre.be\/index.php?rest_route=\/wp\/v2\/users\/1"}],"replies":[{"embeddable":true,"href":"https:\/\/lagaleriedulivre.be\/index.php?rest_route=%2Fwp%2Fv2%2Fcomments&post=488"}],"version-history":[{"count":1,"href":"https:\/\/lagaleriedulivre.be\/index.php?rest_route=\/wp\/v2\/posts\/488\/revisions"}],"predecessor-version":[{"id":490,"href":"https:\/\/lagaleriedulivre.be\/index.php?rest_route=\/wp\/v2\/posts\/488\/revisions\/490"}],"wp:featuredmedia":[{"embeddable":true,"href":"https:\/\/lagaleriedulivre.be\/index.php?rest_route=\/wp\/v2\/media\/489"}],"wp:attachment":[{"href":"https:\/\/lagaleriedulivre.be\/index.php?rest_route=%2Fwp%2Fv2%2Fmedia&parent=488"}],"wp:term":[{"taxonomy":"category","embeddable":true,"href":"https:\/\/lagaleriedulivre.be\/index.php?rest_route=%2Fwp%2Fv2%2Fcategories&post=488"},{"taxonomy":"post_tag","embeddable":true,"href":"https:\/\/lagaleriedulivre.be\/index.php?rest_route=%2Fwp%2Fv2%2Ftags&post=488"}],"curies":[{"name":"wp","href":"https:\/\/api.w.org\/{rel}","templated":true}]}}