{"id":470,"date":"2023-05-13T16:44:36","date_gmt":"2023-05-13T14:44:36","guid":{"rendered":"http:\/\/lagalerieduliv.cluster1.easy-hebergement.net\/?p=470"},"modified":"2023-07-27T18:21:24","modified_gmt":"2023-07-27T16:21:24","slug":"expo-audrey-gallez-20-05-16-07","status":"publish","type":"post","link":"https:\/\/lagaleriedulivre.be\/?p=470","title":{"rendered":"Expo : Audrey Gallez (20\/05 &#8211; 16\/07)"},"content":{"rendered":"\n<p>Pour la parution de son livre jeunesse,<em> Les Secrets de la F\u00e9e du Sureau<\/em>, aux \u00e9ditions BOZON2X, nous avons la joie de pr\u00e9senter les planches originales de l&rsquo;ouvrage d&rsquo;Audrey Gallez. <\/p>\n\n\n\n<p><em>Les Secrets de la F\u00e9e du Sureau<\/em> nous emm\u00e8nent dans le monde onirique d&rsquo;une fillette qui, au r\u00e9veil, d\u00e9couvrira la vraie signification de l&rsquo;amour et de la nature. Interpr\u00e9tation libre d&rsquo;un conte m\u00e9connu d&rsquo;Andersen, cette histoire captivante \u00e9merveille autant par la douceur des dessins de l\u2019autrice, Audrey Gallez, que par la beaut\u00e9 du message qui cl\u00f4t cette aventure f\u00e9erique.\u00a0<\/p>\n\n\n\n<p>Ce livre est \u00e9galement accompagn\u00e9 de recettes et de petits jeux d&rsquo;observation pour \u00e9veiller la curiosit\u00e9 et favoriser une complicit\u00e9 entre l&rsquo;adulte et l&rsquo;enfant.<\/p>\n\n\n\n<p><br><strong>\u00ab Les Secrets de la F\u00e9e du Sureau \u00bb\u00a0<\/strong><br>Audrey Gallez<br><strong>Du 20\/05 au 16\/07<\/strong><br>Tous les week-ends de\u00a0<strong>14 \u00e0 18h<\/strong><br>59 rue Vall\u00e9e 4051 Vaux-sous-Ch\u00e8vremont<br>Ou sur rendez-vous (+32 468 388 006)<br>Entr\u00e9e gratuite<br><\/p>\n\n\n\n<figure class=\"wp-block-embed is-type-video is-provider-youtube wp-block-embed-youtube wp-embed-aspect-16-9 wp-has-aspect-ratio\"><div class=\"wp-block-embed__wrapper\">\n<iframe loading=\"lazy\" title=\"Les Secrets de la F\u00e9e du Sureau\" width=\"840\" height=\"473\" src=\"https:\/\/www.youtube.com\/embed\/13F3-NuiU2c?start=31&#038;feature=oembed\" frameborder=\"0\" allow=\"accelerometer; autoplay; clipboard-write; encrypted-media; gyroscope; picture-in-picture; web-share\" allowfullscreen><\/iframe>\n<\/div><\/figure>\n\n\n\n<p><strong>Les Secrets de la F\u00e9e du Sureau<\/strong><br>Audrey Gallez&nbsp;<br>110 pages<br>ISBN : 978-2-931067-12-3<br>30 \u20ac&nbsp;<br><a href=\"https:\/\/www.bozon2x.be\" target=\"_blank\" rel=\"noreferrer noopener\">BOZON2X \u00e9ditions<\/a><\/p>\n","protected":false},"excerpt":{"rendered":"<p>Pour la parution de son livre jeunesse, Les Secrets de la F\u00e9e du Sureau, aux \u00e9ditions BOZON2X, nous avons la joie de pr\u00e9senter les planches &hellip; <\/p>\n","protected":false},"author":1,"featured_media":473,"comment_status":"open","ping_status":"open","sticky":false,"template":"","format":"standard","meta":{"_jetpack_memberships_contains_paid_content":false,"footnotes":""},"categories":[1],"tags":[134,174,146,163,80,150],"class_list":["post-470","post","type-post","status-publish","format-standard","has-post-thumbnail","hentry","category-non-classe","tag-enfance","tag-enfant","tag-histoire","tag-imaginaire","tag-musique","tag-reve"],"jetpack_featured_media_url":"https:\/\/i0.wp.com\/lagaleriedulivre.be\/wp-content\/uploads\/2023\/05\/expo-fee-du-sureau.jpg?fit=950%2C547&ssl=1","jetpack_sharing_enabled":true,"_links":{"self":[{"href":"https:\/\/lagaleriedulivre.be\/index.php?rest_route=\/wp\/v2\/posts\/470","targetHints":{"allow":["GET"]}}],"collection":[{"href":"https:\/\/lagaleriedulivre.be\/index.php?rest_route=\/wp\/v2\/posts"}],"about":[{"href":"https:\/\/lagaleriedulivre.be\/index.php?rest_route=\/wp\/v2\/types\/post"}],"author":[{"embeddable":true,"href":"https:\/\/lagaleriedulivre.be\/index.php?rest_route=\/wp\/v2\/users\/1"}],"replies":[{"embeddable":true,"href":"https:\/\/lagaleriedulivre.be\/index.php?rest_route=%2Fwp%2Fv2%2Fcomments&post=470"}],"version-history":[{"count":2,"href":"https:\/\/lagaleriedulivre.be\/index.php?rest_route=\/wp\/v2\/posts\/470\/revisions"}],"predecessor-version":[{"id":474,"href":"https:\/\/lagaleriedulivre.be\/index.php?rest_route=\/wp\/v2\/posts\/470\/revisions\/474"}],"wp:featuredmedia":[{"embeddable":true,"href":"https:\/\/lagaleriedulivre.be\/index.php?rest_route=\/wp\/v2\/media\/473"}],"wp:attachment":[{"href":"https:\/\/lagaleriedulivre.be\/index.php?rest_route=%2Fwp%2Fv2%2Fmedia&parent=470"}],"wp:term":[{"taxonomy":"category","embeddable":true,"href":"https:\/\/lagaleriedulivre.be\/index.php?rest_route=%2Fwp%2Fv2%2Fcategories&post=470"},{"taxonomy":"post_tag","embeddable":true,"href":"https:\/\/lagaleriedulivre.be\/index.php?rest_route=%2Fwp%2Fv2%2Ftags&post=470"}],"curies":[{"name":"wp","href":"https:\/\/api.w.org\/{rel}","templated":true}]}}