{"id":405,"date":"2023-01-31T18:21:10","date_gmt":"2023-01-31T17:21:10","guid":{"rendered":"http:\/\/lagalerieduliv.cluster1.easy-hebergement.net\/?p=405"},"modified":"2023-03-14T16:40:35","modified_gmt":"2023-03-14T15:40:35","slug":"expo-stephane-gerhards-antre-nous-11-02-05-03","status":"publish","type":"post","link":"https:\/\/lagaleriedulivre.be\/?p=405","title":{"rendered":"Expo St\u00e9phane Gerhards \u00ab Antre nous \u00bb (11\/02 &#8211; 05\/03)"},"content":{"rendered":"\n<p><\/p>\n\n\n\n<p>Parce que l&rsquo;enfance est parfois une trag\u00e9die qui s&rsquo;oublie sous des regards qui confinent au silence, St\u00e9phane Gerhards l&rsquo;extirpe de son corps avec la pr\u00e9cision d&rsquo;un crayon qui explore les zones interdites du pathos. Pas de complaisance, une oeuvre qui serait un acte magique de d\u00e9livrance. Pour lui, mais aussi pour ce moi qui regarde et se retrouve confront\u00e9 \u00e0 ce qu&rsquo;il\/elle n&rsquo;a peut-\u00eatre pas pu\/voulu voir ou dire&#8230; Un cri lie l&rsquo;enfant \u00e0 l&rsquo;adulte. Il fallait l&rsquo;articuler, Stephane l&rsquo;a fait, avec densit\u00e9 et sensibilit\u00e9.  L&rsquo;injonction du silence est partout dans le blanc du papier. Le dessin s&rsquo;y pose, s&rsquo;y grave, lutte, op\u00e8re sa chirurgie, son exorcisme et, \u00e7a et l\u00e0, la peinture pleure&#8230; Par l&rsquo;acceptation de ce qui d\u00e9gouline, loin d&rsquo;un tic d&rsquo;\u00e9poque, l&rsquo;oeuvre retrouve la force d&rsquo;ex-primer ce qui s&rsquo;\u00e9tait imprimer au coeur m\u00eame de sa chair,  offre enfin une r\u00e9alit\u00e9 \u00e0 la blessure muette, jusque l\u00e0 si contr\u00f4l\u00e9e ; la honte de l&rsquo;enfant est celle que l&rsquo;autre devrait porter ; la rigidit\u00e9, les punitions, les vocif\u00e9rations laissent l&rsquo;\u00eatre seul, face \u00e0 lui, un \u00eatre tout petit, d\u00e9j\u00e0 charg\u00e9 de d\u00e9sespoir, et d&rsquo;une rage qui gangr\u00e8ne son troisi\u00e8me oeil. Cet \u00ab\u00a0Antre nous\u00a0\u00bb dans toute son ambivalence et sa persistance. L&rsquo;entre, espace cens\u00e9 nous s\u00e9parer\/lier devient l&rsquo;Antre, ce repaire d&rsquo;animalit\u00e9, de visages distordus, dont on ne sort jamais tout \u00e0 fait ? Ainsi, plus tard, des masques oblig\u00e9s, un regard jaillit avec l&rsquo;intensit\u00e9 vitale de celui qui survit aux \u00e9preuves et transcende le mutisme d&rsquo;un coin de mur, ces mains qui cachent nos visages, celles qui voudraient nous b\u00e2illonner, nous emp\u00eacher de voir&#8230;  Parce qu&rsquo;il nous faut parfois soulever les mouchoirs trop blancs qui recouvrent nos souvenirs-sensations, l&rsquo;art de St\u00e9phane Gerhards r\u00e9v\u00e8le, bouscule, trouble, \u00e9corche, \u00e9meut&#8230; <\/p>\n\n\n\n<p>Claire Blach  <\/p>\n\n\n\n<p><strong>\u00ab Antre nous \u00bb <br>Expo de St\u00e9phane G\u00e9rhards <\/strong><br>Du 11\/02 au 05\/03<br>Tous les week-ends de 14 \u00e0 18h<br>59 rue Vall\u00e9e 4051 Vaux-sous-Ch\u00e8vremont<br>Ou sur rendez-vous (+32 468 388 006)<br>Entr\u00e9e gratuite <\/p>\n","protected":false},"excerpt":{"rendered":"<p>Parce que l&rsquo;enfance est parfois une trag\u00e9die qui s&rsquo;oublie sous des regards qui confinent au silence, St\u00e9phane Gerhards l&rsquo;extirpe de son corps avec la pr\u00e9cision &hellip; <\/p>\n","protected":false},"author":1,"featured_media":406,"comment_status":"open","ping_status":"open","sticky":false,"template":"","format":"standard","meta":{"_jetpack_memberships_contains_paid_content":false,"footnotes":""},"categories":[1],"tags":[100,135,133,134,99,33],"class_list":["post-405","post","type-post","status-publish","format-standard","has-post-thumbnail","hentry","category-non-classe","tag-beaux-arts","tag-blessure","tag-dessin","tag-enfance","tag-gravure","tag-liege"],"jetpack_featured_media_url":"https:\/\/i0.wp.com\/lagaleriedulivre.be\/wp-content\/uploads\/2023\/01\/stephane-gerhards.jpg?fit=950%2C547&ssl=1","jetpack_sharing_enabled":true,"_links":{"self":[{"href":"https:\/\/lagaleriedulivre.be\/index.php?rest_route=\/wp\/v2\/posts\/405","targetHints":{"allow":["GET"]}}],"collection":[{"href":"https:\/\/lagaleriedulivre.be\/index.php?rest_route=\/wp\/v2\/posts"}],"about":[{"href":"https:\/\/lagaleriedulivre.be\/index.php?rest_route=\/wp\/v2\/types\/post"}],"author":[{"embeddable":true,"href":"https:\/\/lagaleriedulivre.be\/index.php?rest_route=\/wp\/v2\/users\/1"}],"replies":[{"embeddable":true,"href":"https:\/\/lagaleriedulivre.be\/index.php?rest_route=%2Fwp%2Fv2%2Fcomments&post=405"}],"version-history":[{"count":2,"href":"https:\/\/lagaleriedulivre.be\/index.php?rest_route=\/wp\/v2\/posts\/405\/revisions"}],"predecessor-version":[{"id":409,"href":"https:\/\/lagaleriedulivre.be\/index.php?rest_route=\/wp\/v2\/posts\/405\/revisions\/409"}],"wp:featuredmedia":[{"embeddable":true,"href":"https:\/\/lagaleriedulivre.be\/index.php?rest_route=\/wp\/v2\/media\/406"}],"wp:attachment":[{"href":"https:\/\/lagaleriedulivre.be\/index.php?rest_route=%2Fwp%2Fv2%2Fmedia&parent=405"}],"wp:term":[{"taxonomy":"category","embeddable":true,"href":"https:\/\/lagaleriedulivre.be\/index.php?rest_route=%2Fwp%2Fv2%2Fcategories&post=405"},{"taxonomy":"post_tag","embeddable":true,"href":"https:\/\/lagaleriedulivre.be\/index.php?rest_route=%2Fwp%2Fv2%2Ftags&post=405"}],"curies":[{"name":"wp","href":"https:\/\/api.w.org\/{rel}","templated":true}]}}