{"id":257,"date":"2022-04-21T16:05:32","date_gmt":"2022-04-21T14:05:32","guid":{"rendered":"http:\/\/lagalerieduliv.cluster1.easy-hebergement.net\/?p=257"},"modified":"2022-11-09T21:26:13","modified_gmt":"2022-11-09T20:26:13","slug":"et-maintenant-expo-photos-de-michel-tonneau","status":"publish","type":"post","link":"https:\/\/lagaleriedulivre.be\/?p=257","title":{"rendered":"Et maintenant ? Expo photos de Michel Tonneau"},"content":{"rendered":"\n<p>Premi\u00e8re \u00e9tape vers la reconstruction d&rsquo;un espace d&rsquo;art,&nbsp;<a href=\"http:\/\/www.lagaleriedulivre.be\/\">La Galerie du Livre et de l&rsquo;\u00e9trange Th\u00e9\u00e2tre<\/a>&nbsp;vous invite \u00e0 d\u00e9couvrir le tout dernier travail du photographe&nbsp;<strong>Michel Tonneau<\/strong>.&nbsp;<\/p>\n\n\n\n<p>Avec cette s\u00e9rie d&rsquo;objets glan\u00e9s aux abors de la Vesdre, de l&rsquo;Ourthe et de l&rsquo;Ambl\u00e8ve, et de protraits r\u00e9alis\u00e9s quelques jours apr\u00e8s les inondations de juillet 2021, Michel Tonneau cherche \u00e0 fixer, sans complaisance et sans voyeurisme, le souvenir de ce tragique \u00e9v\u00e9nement. Parce qu&rsquo;il est impossible de reconstruire en occultant ce qui s&rsquo;est produit et que l&rsquo;\u00e9v\u00e9nement d\u00e9passe de loin ce que l&rsquo;on a pu en dire et la mani\u00e8re dont on peut se le repr\u00e9senter.<\/p>\n\n\n\n<p><strong>\u00ab Et maintenant ? \u00bb<br>Expo du 14 mai au 12 juin 2022<\/strong><br>La Galerie du Livre et de l&rsquo;\u00e9trange Th\u00e9\u00e2tre<br>59 rue Vall\u00e9e 4051 Vaux-sous-Ch\u00e8vremont<strong><br>les samedis &amp; dimanches de 14 \u00e0 18h<br>et sur rendez-vous<\/strong><\/p>\n","protected":false},"excerpt":{"rendered":"<p>Premi\u00e8re \u00e9tape vers la reconstruction d&rsquo;un espace d&rsquo;art,&nbsp;La Galerie du Livre et de l&rsquo;\u00e9trange Th\u00e9\u00e2tre&nbsp;vous invite \u00e0 d\u00e9couvrir le tout dernier travail du photographe&nbsp;Michel Tonneau.&nbsp; &hellip; <\/p>\n","protected":false},"author":1,"featured_media":258,"comment_status":"open","ping_status":"open","sticky":false,"template":"","format":"standard","meta":{"_jetpack_memberships_contains_paid_content":false,"footnotes":""},"categories":[1],"tags":[68,85,82,33,30,83],"class_list":["post-257","post","type-post","status-publish","format-standard","has-post-thumbnail","hentry","category-non-classe","tag-art","tag-culture","tag-inondation","tag-liege","tag-photographie","tag-verviers"],"jetpack_featured_media_url":"https:\/\/i0.wp.com\/lagaleriedulivre.be\/wp-content\/uploads\/2022\/04\/expo-michel-tonneau.png?fit=950%2C547&ssl=1","jetpack_sharing_enabled":true,"_links":{"self":[{"href":"https:\/\/lagaleriedulivre.be\/index.php?rest_route=\/wp\/v2\/posts\/257","targetHints":{"allow":["GET"]}}],"collection":[{"href":"https:\/\/lagaleriedulivre.be\/index.php?rest_route=\/wp\/v2\/posts"}],"about":[{"href":"https:\/\/lagaleriedulivre.be\/index.php?rest_route=\/wp\/v2\/types\/post"}],"author":[{"embeddable":true,"href":"https:\/\/lagaleriedulivre.be\/index.php?rest_route=\/wp\/v2\/users\/1"}],"replies":[{"embeddable":true,"href":"https:\/\/lagaleriedulivre.be\/index.php?rest_route=%2Fwp%2Fv2%2Fcomments&post=257"}],"version-history":[{"count":1,"href":"https:\/\/lagaleriedulivre.be\/index.php?rest_route=\/wp\/v2\/posts\/257\/revisions"}],"predecessor-version":[{"id":259,"href":"https:\/\/lagaleriedulivre.be\/index.php?rest_route=\/wp\/v2\/posts\/257\/revisions\/259"}],"wp:featuredmedia":[{"embeddable":true,"href":"https:\/\/lagaleriedulivre.be\/index.php?rest_route=\/wp\/v2\/media\/258"}],"wp:attachment":[{"href":"https:\/\/lagaleriedulivre.be\/index.php?rest_route=%2Fwp%2Fv2%2Fmedia&parent=257"}],"wp:term":[{"taxonomy":"category","embeddable":true,"href":"https:\/\/lagaleriedulivre.be\/index.php?rest_route=%2Fwp%2Fv2%2Fcategories&post=257"},{"taxonomy":"post_tag","embeddable":true,"href":"https:\/\/lagaleriedulivre.be\/index.php?rest_route=%2Fwp%2Fv2%2Ftags&post=257"}],"curies":[{"name":"wp","href":"https:\/\/api.w.org\/{rel}","templated":true}]}}