{"id":243,"date":"2022-04-21T15:24:35","date_gmt":"2022-04-21T13:24:35","guid":{"rendered":"http:\/\/lagalerieduliv.cluster1.easy-hebergement.net\/?p=243"},"modified":"2022-04-21T15:28:32","modified_gmt":"2022-04-21T13:28:32","slug":"viva-vaux-2022","status":"publish","type":"post","link":"http:\/\/lagaleriedulivre.be\/?p=243","title":{"rendered":"Viva Vaux 2022 !"},"content":{"rendered":"\n<p>Un week-end inoubliable se pr\u00e9pare \u00e0 Vaux-sous-Ch\u00e8vremont&nbsp;!&nbsp;<\/p>\n\n\n\n<p><\/p>\n\n\n\n<p>Notre v\u0153ux le plus cher est d&rsquo;apporter dans le village une bulle d&rsquo;air artistique, de faire en sorte que toutes les g\u00e9n\u00e9rations puissent se rassembler autour d&rsquo;un bel \u00e9v\u00e9nement. Il y en aura pour tous les go\u00fbts. Des associations pr\u00e9sentes sur le territoire, les habitants et les artistes invit\u00e9s pourront se r\u00e9unir dans la joie et la bienveillance dont nous avons tous besoin pour que les cicatrices s&rsquo;estompent. Soit une petite pause dans nos travaux afin de nous m\u00e9nager un moment aussi festif que cr\u00e9atif et porteur de sens.&nbsp;MICHEL TONNEAU, photographe-reporter, pr\u00e9pare en nos murs enfin replafonn\u00e9s, une troublante exposition de portraits et d&rsquo;objets sinistr\u00e9s afin de sensibiliser le monde aux cons\u00e9quences des inondations subies en nos r\u00e9gions en juillet dernier. Les b\u00e9n\u00e9fices \u00e9ventuels de cette expo seront retourn\u00e9s en faveur d&rsquo;une association de b\u00e9n\u00e9voles actifs dans l&rsquo;aide aux personnes.&nbsp;<\/p>\n\n\n\n<p>ViVa Vaux 2022 comme un chant d&rsquo;espoir ! <\/p>\n\n\n\n<p>Bienvenue \u00e0 tous !<\/p>\n\n\n\n<p><strong>Samedi 14 mai<\/strong><\/p>\n\n\n\n<p>la Galerie du livre et de l&rsquo;\u00e9trange th\u00e9\u00e2tre<br>59 rue Vall\u00e9e \u00e0 Vaux-sous-Ch\u00e8vremont<\/p>\n\n\n\n<p>14h : expo Michel Tonneau<\/p>\n\n\n\n<p>15h15 : Josephine &amp; Jo (duo musical)<\/p>\n\n\n\n<p>16h15 : cort\u00e8ge bruitiste enfants<\/p>\n\n\n\n<p>Place Foguenne<\/p>\n\n\n\n<p>16h30 : pr\u00e9sentation du conseil des enfants&nbsp;<\/p>\n\n\n\n<p>17h : t\u00e9moignages micro ouvert<\/p>\n\n\n\n<p>17h30 : concert Jos\u00e9phine &amp; jo&nbsp;<\/p>\n\n\n\n<p>18h30 : Tchinisse orchestra (fanfare)&nbsp;<\/p>\n\n\n\n<p><strong>Dimanche 15 mai<\/strong><\/p>\n\n\n\n<p>Place Foguenne &amp; \u00e0 la galerie du livre<\/p>\n\n\n\n<p>d\u00e8s 14h&nbsp;<\/p>\n\n\n\n<p>Expo michel tonneau&nbsp;<\/p>\n\n\n\n<p>Camion cin\u00e9ma &#8211; Arsenic2<\/p>\n\n\n\n<p>Projection pour petits &amp; grands<\/p>\n\n\n\n<p>Promenade historique avec le Conseil consultatif des a\u00een\u00e9s<\/p>\n\n\n\n<p>Installation d&rsquo;un arbre \u00e0 souhaits<\/p>\n\n\n\n<div class=\"wp-block-jetpack-tiled-gallery aligncenter is-style-rectangular\"><div class=\"tiled-gallery__gallery\"><div class=\"tiled-gallery__row\"><div class=\"tiled-gallery__col\" style=\"flex-basis:53.41541%\"><figure class=\"tiled-gallery__item\"><img decoding=\"async\" srcset=\"https:\/\/i2.wp.com\/lagalerieduliv.cluster1.easy-hebergement.net\/wp-content\/uploads\/2022\/04\/michel-768x1024.jpg?strip=info&#038;w=600 600w,https:\/\/i2.wp.com\/lagalerieduliv.cluster1.easy-hebergement.net\/wp-content\/uploads\/2022\/04\/michel-768x1024.jpg?strip=info&#038;w=900 900w,https:\/\/i2.wp.com\/lagalerieduliv.cluster1.easy-hebergement.net\/wp-content\/uploads\/2022\/04\/michel-768x1024.jpg?strip=info&#038;w=1200 1200w,https:\/\/i2.wp.com\/lagalerieduliv.cluster1.easy-hebergement.net\/wp-content\/uploads\/2022\/04\/michel-768x1024.jpg?strip=info&#038;w=1500 1500w,https:\/\/i2.wp.com\/lagalerieduliv.cluster1.easy-hebergement.net\/wp-content\/uploads\/2022\/04\/michel-768x1024.jpg?strip=info&#038;w=1536 1536w\" alt=\"\" data-height=\"2048\" data-id=\"245\" data-link=\"http:\/\/lagaleriedulivre.be\/?attachment_id=245\" data-url=\"http:\/\/lagaleriedulivre.be\/wp-content\/uploads\/2022\/04\/michel-768x1024.jpg\" data-width=\"1536\" src=\"https:\/\/i2.wp.com\/lagalerieduliv.cluster1.easy-hebergement.net\/wp-content\/uploads\/2022\/04\/michel-768x1024.jpg\" data-amp-layout=\"responsive\"\/><\/figure><\/div><div class=\"tiled-gallery__col\" style=\"flex-basis:46.58459%\"><figure class=\"tiled-gallery__item\"><img decoding=\"async\" alt=\"\" data-id=\"250\" data-link=\"http:\/\/lagaleriedulivre.be\/?attachment_id=250\" data-url=\"http:\/\/lagaleriedulivre.be\/wp-content\/uploads\/2022\/04\/epoux_detry_ensival_juillet_2021.tif\" src=\"http:\/\/lagaleriedulivre.be\/wp-content\/uploads\/2022\/04\/epoux_detry_ensival_juillet_2021.tif\" data-amp-layout=\"responsive\"\/><\/figure><figure class=\"tiled-gallery__item\"><img decoding=\"async\" srcset=\"https:\/\/i1.wp.com\/lagalerieduliv.cluster1.easy-hebergement.net\/wp-content\/uploads\/2022\/04\/22cba76a-deda-4ddc-a2c8-2bf50ebbc2f4-1024x532.jpg?strip=info&#038;w=600 600w,https:\/\/i1.wp.com\/lagalerieduliv.cluster1.easy-hebergement.net\/wp-content\/uploads\/2022\/04\/22cba76a-deda-4ddc-a2c8-2bf50ebbc2f4-1024x532.jpg?strip=info&#038;w=900 900w,https:\/\/i1.wp.com\/lagalerieduliv.cluster1.easy-hebergement.net\/wp-content\/uploads\/2022\/04\/22cba76a-deda-4ddc-a2c8-2bf50ebbc2f4-1024x532.jpg?strip=info&#038;w=1200 1200w,https:\/\/i1.wp.com\/lagalerieduliv.cluster1.easy-hebergement.net\/wp-content\/uploads\/2022\/04\/22cba76a-deda-4ddc-a2c8-2bf50ebbc2f4-1024x532.jpg?strip=info&#038;w=1500 1500w,https:\/\/i1.wp.com\/lagalerieduliv.cluster1.easy-hebergement.net\/wp-content\/uploads\/2022\/04\/22cba76a-deda-4ddc-a2c8-2bf50ebbc2f4-1024x532.jpg?strip=info&#038;w=1800 1800w,https:\/\/i1.wp.com\/lagalerieduliv.cluster1.easy-hebergement.net\/wp-content\/uploads\/2022\/04\/22cba76a-deda-4ddc-a2c8-2bf50ebbc2f4-1024x532.jpg?strip=info&#038;w=2000 2000w\" alt=\"\" data-height=\"1060\" data-id=\"247\" data-link=\"http:\/\/lagaleriedulivre.be\/?attachment_id=247\" data-url=\"http:\/\/lagaleriedulivre.be\/wp-content\/uploads\/2022\/04\/22cba76a-deda-4ddc-a2c8-2bf50ebbc2f4-1024x532.jpg\" data-width=\"2040\" src=\"https:\/\/i1.wp.com\/lagalerieduliv.cluster1.easy-hebergement.net\/wp-content\/uploads\/2022\/04\/22cba76a-deda-4ddc-a2c8-2bf50ebbc2f4-1024x532.jpg\" data-amp-layout=\"responsive\"\/><\/figure><\/div><\/div><div class=\"tiled-gallery__row\"><div class=\"tiled-gallery__col\" style=\"flex-basis:27.71730%\"><figure class=\"tiled-gallery__item\"><img decoding=\"async\" srcset=\"https:\/\/i0.wp.com\/lagalerieduliv.cluster1.easy-hebergement.net\/wp-content\/uploads\/2022\/04\/josephine-jo.png?strip=info&#038;w=495 495w\" alt=\"\" data-height=\"863\" data-id=\"252\" data-link=\"http:\/\/lagaleriedulivre.be\/?attachment_id=252\" data-url=\"http:\/\/lagaleriedulivre.be\/wp-content\/uploads\/2022\/04\/josephine-jo.png\" data-width=\"495\" src=\"https:\/\/i0.wp.com\/lagalerieduliv.cluster1.easy-hebergement.net\/wp-content\/uploads\/2022\/04\/josephine-jo.png\" data-amp-layout=\"responsive\"\/><\/figure><\/div><div class=\"tiled-gallery__col\" style=\"flex-basis:72.28270%\"><figure class=\"tiled-gallery__item\"><img decoding=\"async\" srcset=\"https:\/\/i2.wp.com\/lagalerieduliv.cluster1.easy-hebergement.net\/wp-content\/uploads\/2022\/04\/d644fb2efa4ba83426b4b32ddc562c4fe308b008e4a974104167115a35969e54-rimg-w525-h350-gmir.jpg?strip=info&#038;w=525 525w\" alt=\"\" data-height=\"350\" data-id=\"248\" data-link=\"http:\/\/lagaleriedulivre.be\/?attachment_id=248\" data-url=\"http:\/\/lagaleriedulivre.be\/wp-content\/uploads\/2022\/04\/d644fb2efa4ba83426b4b32ddc562c4fe308b008e4a974104167115a35969e54-rimg-w525-h350-gmir.jpg\" data-width=\"525\" src=\"https:\/\/i2.wp.com\/lagalerieduliv.cluster1.easy-hebergement.net\/wp-content\/uploads\/2022\/04\/d644fb2efa4ba83426b4b32ddc562c4fe308b008e4a974104167115a35969e54-rimg-w525-h350-gmir.jpg\" data-amp-layout=\"responsive\"\/><\/figure><\/div><\/div><\/div><\/div>\n","protected":false},"excerpt":{"rendered":"<p>Un week-end inoubliable se pr\u00e9pare \u00e0 Vaux-sous-Ch\u00e8vremont&nbsp;!&nbsp; Notre v\u0153ux le plus cher est d&rsquo;apporter dans le village une bulle d&rsquo;air artistique, de faire en sorte &hellip; <\/p>\n","protected":false},"author":1,"featured_media":254,"comment_status":"open","ping_status":"open","sticky":false,"template":"","format":"standard","meta":{"_jetpack_memberships_contains_paid_content":false,"footnotes":""},"categories":[1],"tags":[79,81,77,82,80,30,78],"class_list":["post-243","post","type-post","status-publish","format-standard","has-post-thumbnail","hentry","category-non-classe","tag-chaudfontaine","tag-fanfare","tag-festivite","tag-inondation","tag-musique","tag-photographie","tag-province-liege"],"jetpack_featured_media_url":"https:\/\/i0.wp.com\/lagaleriedulivre.be\/wp-content\/uploads\/2022\/04\/Viva-Vaux.png?fit=950%2C547","jetpack_sharing_enabled":true,"_links":{"self":[{"href":"http:\/\/lagaleriedulivre.be\/index.php?rest_route=\/wp\/v2\/posts\/243","targetHints":{"allow":["GET"]}}],"collection":[{"href":"http:\/\/lagaleriedulivre.be\/index.php?rest_route=\/wp\/v2\/posts"}],"about":[{"href":"http:\/\/lagaleriedulivre.be\/index.php?rest_route=\/wp\/v2\/types\/post"}],"author":[{"embeddable":true,"href":"http:\/\/lagaleriedulivre.be\/index.php?rest_route=\/wp\/v2\/users\/1"}],"replies":[{"embeddable":true,"href":"http:\/\/lagaleriedulivre.be\/index.php?rest_route=%2Fwp%2Fv2%2Fcomments&post=243"}],"version-history":[{"count":3,"href":"http:\/\/lagaleriedulivre.be\/index.php?rest_route=\/wp\/v2\/posts\/243\/revisions"}],"predecessor-version":[{"id":255,"href":"http:\/\/lagaleriedulivre.be\/index.php?rest_route=\/wp\/v2\/posts\/243\/revisions\/255"}],"wp:featuredmedia":[{"embeddable":true,"href":"http:\/\/lagaleriedulivre.be\/index.php?rest_route=\/wp\/v2\/media\/254"}],"wp:attachment":[{"href":"http:\/\/lagaleriedulivre.be\/index.php?rest_route=%2Fwp%2Fv2%2Fmedia&parent=243"}],"wp:term":[{"taxonomy":"category","embeddable":true,"href":"http:\/\/lagaleriedulivre.be\/index.php?rest_route=%2Fwp%2Fv2%2Fcategories&post=243"},{"taxonomy":"post_tag","embeddable":true,"href":"http:\/\/lagaleriedulivre.be\/index.php?rest_route=%2Fwp%2Fv2%2Ftags&post=243"}],"curies":[{"name":"wp","href":"https:\/\/api.w.org\/{rel}","templated":true}]}}