{"id":143,"date":"2022-03-30T14:45:52","date_gmt":"2022-03-30T12:45:52","guid":{"rendered":"http:\/\/lagalerieduliv.cluster1.easy-hebergement.net\/?p=143"},"modified":"2022-05-30T14:30:51","modified_gmt":"2022-05-30T12:30:51","slug":"etrange-theatre","status":"publish","type":"post","link":"http:\/\/lagaleriedulivre.be\/?p=143","title":{"rendered":"\u00c9trange th\u00e9\u00e2tre ?"},"content":{"rendered":"\n<p>Th\u00e9\u00e2tre \u00ab\u00a0extra-muros\u00a0\u00bb \u2014 spectacles de salon, cabarets impro-th\u00e9\u00e2tre, performances a-typiques, repr\u00e9sentations tirant leur force de leur proximit\u00e9 physique avec le public et d&rsquo;une approche po\u00e9tique \u00e0 la crois\u00e9e des disciplines artistiques \u2014\u00a0<em>L&rsquo;\u00e9trange th\u00e9\u00e2tre<\/em>, d\u00e9fendu par Claire Blach dans ses cr\u00e9ations personnelles, aime aussi \u00e0 promouvoir d&rsquo;autres cr\u00e9ateurs singuliers au travers du bel espace que propose notre galerie.<\/p>\n\n\n\n<div class=\"wp-block-jetpack-tiled-gallery aligncenter is-style-rectangular\"><div class=\"tiled-gallery__gallery\"><div class=\"tiled-gallery__row\"><div class=\"tiled-gallery__col\" style=\"flex-basis:67.02942%\"><figure class=\"tiled-gallery__item\"><img decoding=\"async\" srcset=\"https:\/\/i0.wp.com\/lagalerieduliv.cluster1.easy-hebergement.net\/wp-content\/uploads\/2022\/03\/angel-ramos-sanchez-presentera-le-spectacle-en-attendant_4833173.jpg?strip=info&#038;w=600 600w,https:\/\/i0.wp.com\/lagalerieduliv.cluster1.easy-hebergement.net\/wp-content\/uploads\/2022\/03\/angel-ramos-sanchez-presentera-le-spectacle-en-attendant_4833173.jpg?strip=info&#038;w=900 900w,https:\/\/i0.wp.com\/lagalerieduliv.cluster1.easy-hebergement.net\/wp-content\/uploads\/2022\/03\/angel-ramos-sanchez-presentera-le-spectacle-en-attendant_4833173.jpg?strip=info&#038;w=1000 1000w\" alt=\"\" data-height=\"666\" data-id=\"145\" data-link=\"http:\/\/lagaleriedulivre.be\/?attachment_id=145\" data-url=\"http:\/\/lagaleriedulivre.be\/wp-content\/uploads\/2022\/03\/angel-ramos-sanchez-presentera-le-spectacle-en-attendant_4833173.jpg\" data-width=\"1000\" src=\"https:\/\/i0.wp.com\/lagalerieduliv.cluster1.easy-hebergement.net\/wp-content\/uploads\/2022\/03\/angel-ramos-sanchez-presentera-le-spectacle-en-attendant_4833173.jpg\" data-amp-layout=\"responsive\"\/><\/figure><\/div><div class=\"tiled-gallery__col\" style=\"flex-basis:32.97058%\"><figure class=\"tiled-gallery__item\"><img decoding=\"async\" srcset=\"https:\/\/i2.wp.com\/lagalerieduliv.cluster1.easy-hebergement.net\/wp-content\/uploads\/2022\/03\/aimant-si-passion.jpg?strip=info&#038;w=600 600w,https:\/\/i2.wp.com\/lagalerieduliv.cluster1.easy-hebergement.net\/wp-content\/uploads\/2022\/03\/aimant-si-passion.jpg?strip=info&#038;w=653 653w\" alt=\"\" data-height=\"886\" data-id=\"146\" data-link=\"http:\/\/lagaleriedulivre.be\/?attachment_id=146\" data-url=\"http:\/\/lagaleriedulivre.be\/wp-content\/uploads\/2022\/03\/aimant-si-passion.jpg\" data-width=\"653\" src=\"https:\/\/i2.wp.com\/lagalerieduliv.cluster1.easy-hebergement.net\/wp-content\/uploads\/2022\/03\/aimant-si-passion.jpg\" data-amp-layout=\"responsive\"\/><\/figure><\/div><\/div><div class=\"tiled-gallery__row\"><div class=\"tiled-gallery__col\" style=\"flex-basis:61.05555%\"><figure class=\"tiled-gallery__item\"><img decoding=\"async\" srcset=\"https:\/\/i1.wp.com\/lagalerieduliv.cluster1.easy-hebergement.net\/wp-content\/uploads\/2022\/03\/Sabbat-1022x1024.jpg?strip=info&#038;w=600 600w,https:\/\/i1.wp.com\/lagalerieduliv.cluster1.easy-hebergement.net\/wp-content\/uploads\/2022\/03\/Sabbat-1022x1024.jpg?strip=info&#038;w=900 900w,https:\/\/i1.wp.com\/lagalerieduliv.cluster1.easy-hebergement.net\/wp-content\/uploads\/2022\/03\/Sabbat-1022x1024.jpg?strip=info&#038;w=1067 1067w\" alt=\"\" data-height=\"1069\" data-id=\"147\" data-link=\"http:\/\/lagaleriedulivre.be\/?attachment_id=147\" data-url=\"http:\/\/lagaleriedulivre.be\/wp-content\/uploads\/2022\/03\/Sabbat-1022x1024.jpg\" data-width=\"1067\" src=\"https:\/\/i1.wp.com\/lagalerieduliv.cluster1.easy-hebergement.net\/wp-content\/uploads\/2022\/03\/Sabbat-1022x1024.jpg\" data-amp-layout=\"responsive\"\/><\/figure><\/div><div class=\"tiled-gallery__col\" style=\"flex-basis:38.94445%\"><figure class=\"tiled-gallery__item\"><img decoding=\"async\" srcset=\"https:\/\/i2.wp.com\/lagalerieduliv.cluster1.easy-hebergement.net\/wp-content\/uploads\/2022\/03\/jean-eudes-1024x576.jpg?strip=info&#038;w=600 600w,https:\/\/i2.wp.com\/lagalerieduliv.cluster1.easy-hebergement.net\/wp-content\/uploads\/2022\/03\/jean-eudes-1024x576.jpg?strip=info&#038;w=900 900w,https:\/\/i2.wp.com\/lagalerieduliv.cluster1.easy-hebergement.net\/wp-content\/uploads\/2022\/03\/jean-eudes-1024x576.jpg?strip=info&#038;w=1200 1200w,https:\/\/i2.wp.com\/lagalerieduliv.cluster1.easy-hebergement.net\/wp-content\/uploads\/2022\/03\/jean-eudes-1024x576.jpg?strip=info&#038;w=1280 1280w\" alt=\"\" data-height=\"720\" data-id=\"148\" data-link=\"http:\/\/lagaleriedulivre.be\/?attachment_id=148\" data-url=\"http:\/\/lagaleriedulivre.be\/wp-content\/uploads\/2022\/03\/jean-eudes-1024x576.jpg\" data-width=\"1280\" src=\"https:\/\/i2.wp.com\/lagalerieduliv.cluster1.easy-hebergement.net\/wp-content\/uploads\/2022\/03\/jean-eudes-1024x576.jpg\" data-amp-layout=\"responsive\"\/><\/figure><figure class=\"tiled-gallery__item\"><img decoding=\"async\" srcset=\"https:\/\/i1.wp.com\/lagalerieduliv.cluster1.easy-hebergement.net\/wp-content\/uploads\/2022\/03\/BalletMasque-009-1024x1024.jpg?strip=info&#038;w=600 600w,https:\/\/i1.wp.com\/lagalerieduliv.cluster1.easy-hebergement.net\/wp-content\/uploads\/2022\/03\/BalletMasque-009-1024x1024.jpg?strip=info&#038;w=900 900w,https:\/\/i1.wp.com\/lagalerieduliv.cluster1.easy-hebergement.net\/wp-content\/uploads\/2022\/03\/BalletMasque-009-1024x1024.jpg?strip=info&#038;w=1080 1080w\" alt=\"\" data-height=\"1080\" data-id=\"151\" data-link=\"http:\/\/lagaleriedulivre.be\/?attachment_id=151\" data-url=\"http:\/\/lagaleriedulivre.be\/wp-content\/uploads\/2022\/03\/BalletMasque-009-1024x1024.jpg\" data-width=\"1080\" src=\"https:\/\/i1.wp.com\/lagalerieduliv.cluster1.easy-hebergement.net\/wp-content\/uploads\/2022\/03\/BalletMasque-009-1024x1024.jpg\" data-amp-layout=\"responsive\"\/><\/figure><\/div><\/div><\/div><\/div>\n","protected":false},"excerpt":{"rendered":"<p>Th\u00e9\u00e2tre \u00ab\u00a0extra-muros\u00a0\u00bb \u2014 spectacles de salon, cabarets impro-th\u00e9\u00e2tre, performances a-typiques, repr\u00e9sentations tirant leur force de leur proximit\u00e9 physique avec le public et d&rsquo;une approche po\u00e9tique &hellip; <\/p>\n","protected":false},"author":1,"featured_media":144,"comment_status":"open","ping_status":"open","sticky":false,"template":"","format":"standard","meta":{"_jetpack_memberships_contains_paid_content":false,"footnotes":""},"categories":[1],"tags":[61,63,64,66,65,62,60],"class_list":["post-143","post","type-post","status-publish","format-standard","has-post-thumbnail","hentry","category-non-classe","tag-claire-blach","tag-impro","tag-improvisation","tag-mise-en-scene","tag-parole","tag-scene","tag-theatre"],"jetpack_featured_media_url":"https:\/\/i0.wp.com\/lagaleriedulivre.be\/wp-content\/uploads\/2022\/03\/aimant-si-passion-1.png?fit=950%2C547","jetpack_sharing_enabled":true,"_links":{"self":[{"href":"http:\/\/lagaleriedulivre.be\/index.php?rest_route=\/wp\/v2\/posts\/143","targetHints":{"allow":["GET"]}}],"collection":[{"href":"http:\/\/lagaleriedulivre.be\/index.php?rest_route=\/wp\/v2\/posts"}],"about":[{"href":"http:\/\/lagaleriedulivre.be\/index.php?rest_route=\/wp\/v2\/types\/post"}],"author":[{"embeddable":true,"href":"http:\/\/lagaleriedulivre.be\/index.php?rest_route=\/wp\/v2\/users\/1"}],"replies":[{"embeddable":true,"href":"http:\/\/lagaleriedulivre.be\/index.php?rest_route=%2Fwp%2Fv2%2Fcomments&post=143"}],"version-history":[{"count":4,"href":"http:\/\/lagaleriedulivre.be\/index.php?rest_route=\/wp\/v2\/posts\/143\/revisions"}],"predecessor-version":[{"id":291,"href":"http:\/\/lagaleriedulivre.be\/index.php?rest_route=\/wp\/v2\/posts\/143\/revisions\/291"}],"wp:featuredmedia":[{"embeddable":true,"href":"http:\/\/lagaleriedulivre.be\/index.php?rest_route=\/wp\/v2\/media\/144"}],"wp:attachment":[{"href":"http:\/\/lagaleriedulivre.be\/index.php?rest_route=%2Fwp%2Fv2%2Fmedia&parent=143"}],"wp:term":[{"taxonomy":"category","embeddable":true,"href":"http:\/\/lagaleriedulivre.be\/index.php?rest_route=%2Fwp%2Fv2%2Fcategories&post=143"},{"taxonomy":"post_tag","embeddable":true,"href":"http:\/\/lagaleriedulivre.be\/index.php?rest_route=%2Fwp%2Fv2%2Ftags&post=143"}],"curies":[{"name":"wp","href":"https:\/\/api.w.org\/{rel}","templated":true}]}}